{"id":1054,"date":"2018-09-23T20:23:20","date_gmt":"2018-09-23T18:23:20","guid":{"rendered":"https:\/\/skyflar.com\/?p=1054"},"modified":"2019-03-22T20:31:01","modified_gmt":"2019-03-22T19:31:01","slug":"skyflar-na-targach-coupe-icare-2018-we-francji","status":"publish","type":"post","link":"https:\/\/skyflar.com\/pl\/skyflar-na-targach-coupe-icare-2018-we-francji\/","title":{"rendered":"SKYFLAR na targach Coupe Icare 2018 we Francji!"},"content":{"rendered":"<p>Poni\u017cej prezentujemy nasze zdj\u0119cia z targ\u00f3w couple Icare 2018, kt\u00f3re odby\u0142y si\u0119 we Francji.<\/p>\n\n\t\t<style type=\"text\/css\">\n\t\t\t#gallery-1 {\n\t\t\t\tmargin: auto;\n\t\t\t}\n\t\t\t#gallery-1 .gallery-item {\n\t\t\t\tfloat: left;\n\t\t\t\tmargin-top: 10px;\n\t\t\t\ttext-align: center;\n\t\t\t\twidth: 33%;\n\t\t\t}\n\t\t\t#gallery-1 img {\n\t\t\t\tborder: 2px solid #cfcfcf;\n\t\t\t}\n\t\t\t#gallery-1 .gallery-caption {\n\t\t\t\tmargin-left: 0;\n\t\t\t}\n\t\t\t\/* see gallery_shortcode() in wp-includes\/media.php *\/\n\t\t<\/style>\n\t\t<div id='gallery-1' class='gallery galleryid-1054 gallery-columns-3 gallery-size-article'><dl class='gallery-item'>\n\t\t\t<dt class='gallery-icon portrait'>\n\t\t\t\t<a href='https:\/\/skyflar.com\/wp-content\/uploads\/2019\/03\/coupe-icare-2018-3-e1553282763437.jpg'><img width=\"400\" height=\"280\" src=\"https:\/\/skyflar.com\/wp-content\/uploads\/2019\/03\/coupe-icare-2018-3-e1553282763437-400x280.jpg\" class=\"attachment-article size-article\" alt=\"\" decoding=\"async\" loading=\"lazy\" \/><\/a>\n\t\t\t<\/dt><\/dl><dl class='gallery-item'>\n\t\t\t<dt class='gallery-icon landscape'>\n\t\t\t\t<a href='https:\/\/skyflar.com\/wp-content\/uploads\/2019\/03\/coupe-icare-2018.jpg'><img width=\"400\" height=\"280\" src=\"https:\/\/skyflar.com\/wp-content\/uploads\/2019\/03\/coupe-icare-2018-400x280.jpg\" class=\"attachment-article size-article\" alt=\"\" decoding=\"async\" loading=\"lazy\" srcset=\"https:\/\/skyflar.com\/wp-content\/uploads\/2019\/03\/coupe-icare-2018-400x280.jpg 400w, https:\/\/skyflar.com\/wp-content\/uploads\/2019\/03\/coupe-icare-2018-30x20.jpg 30w\" sizes=\"(max-width: 400px) 100vw, 400px\" \/><\/a>\n\t\t\t<\/dt><\/dl><dl class='gallery-item'>\n\t\t\t<dt class='gallery-icon landscape'>\n\t\t\t\t<a href='https:\/\/skyflar.com\/wp-content\/uploads\/2019\/03\/coupe-icare-2018-2.jpg'><img width=\"400\" height=\"280\" src=\"https:\/\/skyflar.com\/wp-content\/uploads\/2019\/03\/coupe-icare-2018-2-400x280.jpg\" class=\"attachment-article size-article\" alt=\"\" decoding=\"async\" loading=\"lazy\" srcset=\"https:\/\/skyflar.com\/wp-content\/uploads\/2019\/03\/coupe-icare-2018-2-400x280.jpg 400w, https:\/\/skyflar.com\/wp-content\/uploads\/2019\/03\/coupe-icare-2018-2-30x20.jpg 30w\" sizes=\"(max-width: 400px) 100vw, 400px\" \/><\/a>\n\t\t\t<\/dt><\/dl><br style=\"clear: both\" \/>\n\t\t<\/div>\n\n","protected":false},"excerpt":{"rendered":"<p>Poni\u017cej prezentujemy nasze zdj\u0119cia z targ\u00f3w couple Icare 2018, kt\u00f3re odby\u0142y si\u0119 we Francji.<\/p>\n","protected":false},"author":1,"featured_media":1060,"comment_status":"open","ping_status":"open","sticky":false,"template":"","format":"standard","meta":[],"categories":[1],"tags":[],"acf":[],"aioseo_notices":[],"_links":{"self":[{"href":"https:\/\/skyflar.com\/pl\/wp-json\/wp\/v2\/posts\/1054"}],"collection":[{"href":"https:\/\/skyflar.com\/pl\/wp-json\/wp\/v2\/posts"}],"about":[{"href":"https:\/\/skyflar.com\/pl\/wp-json\/wp\/v2\/types\/post"}],"author":[{"embeddable":true,"href":"https:\/\/skyflar.com\/pl\/wp-json\/wp\/v2\/users\/1"}],"replies":[{"embeddable":true,"href":"https:\/\/skyflar.com\/pl\/wp-json\/wp\/v2\/comments?post=1054"}],"version-history":[{"count":1,"href":"https:\/\/skyflar.com\/pl\/wp-json\/wp\/v2\/posts\/1054\/revisions"}],"predecessor-version":[{"id":1070,"href":"https:\/\/skyflar.com\/pl\/wp-json\/wp\/v2\/posts\/1054\/revisions\/1070"}],"wp:featuredmedia":[{"embeddable":true,"href":"https:\/\/skyflar.com\/pl\/wp-json\/wp\/v2\/media\/1060"}],"wp:attachment":[{"href":"https:\/\/skyflar.com\/pl\/wp-json\/wp\/v2\/media?parent=1054"}],"wp:term":[{"taxonomy":"category","embeddable":true,"href":"https:\/\/skyflar.com\/pl\/wp-json\/wp\/v2\/categories?post=1054"},{"taxonomy":"post_tag","embeddable":true,"href":"https:\/\/skyflar.com\/pl\/wp-json\/wp\/v2\/tags?post=1054"}],"curies":[{"name":"wp","href":"https:\/\/api.w.org\/{rel}","templated":true}]}}